{"id":3274,"date":"2017-10-24T21:02:23","date_gmt":"2017-10-24T19:02:23","guid":{"rendered":"http:\/\/www.blog.bettinastadler.de\/wordpress\/?p=3274"},"modified":"2017-10-24T21:29:35","modified_gmt":"2017-10-24T19:29:35","slug":"herbsteln","status":"publish","type":"post","link":"http:\/\/www.blog.bettinastadler.de\/wordpress\/2017\/10\/herbsteln\/","title":{"rendered":"Herbsteln"},"content":{"rendered":"<p>Bunt sind die Bl\u00e4tter der B\u00e4ume geworden. Vielfarbig leuchten sie in der kr\u00e4ftigen Herbstsonne.<!--more--> Warmes gelb, leuchtend orange, weinrot &#8211; kaum noch gr\u00fcn. Die G\u00e4nse ziehen in Scharen ihre Bahnen am Himmel &#8211; nicht leise, nein ihre Rufe h\u00f6rt man weithin. Morgens \u00fcberzieht Nebel die Wiesen, Felder und Parks&#8230; frisch ist&#8217;s da durchaus schon. Brr.\u00a0 In der Sonne wird sich aufgew\u00e4rmt: Mensch und Tier freuen sich \u00fcber die warmen Strahlen. Neulich beobachtet ich eine Libelle, die in der Sonne sa\u00df und ihren Kopf neigte. Nach links und rechts wiegte und dann wieder unbeweglich dasa\u00df. Mir war, als w\u00fcrde auch sie mich betrachten&#8230;. ein freundliches Nicken und dann wieder entspannt die Sonne genie\u00dfen. F\u00fcr den Moment. Bevor der Trubel des Alltags einen wiederhat oder sich gar ein regnerischer Tag ank\u00fcndigt.<\/p>\n","protected":false},"excerpt":{"rendered":"<p>Bunt sind die Bl\u00e4tter der B\u00e4ume geworden. Vielfarbig leuchten sie in der kr\u00e4ftigen Herbstsonne.<\/p>\n","protected":false},"author":3,"featured_media":0,"comment_status":"open","ping_status":"open","sticky":false,"template":"","format":"standard","meta":{"footnotes":""},"categories":[22,10,105,41],"tags":[314,16,321,45],"class_list":["post-3274","post","type-post","status-publish","format-standard","hentry","category-garten","category-gedanken","category-natur","category-tierisch","tag-garten","tag-herbst","tag-natur","tag-tiere"],"_links":{"self":[{"href":"http:\/\/www.blog.bettinastadler.de\/wordpress\/wp-json\/wp\/v2\/posts\/3274","targetHints":{"allow":["GET"]}}],"collection":[{"href":"http:\/\/www.blog.bettinastadler.de\/wordpress\/wp-json\/wp\/v2\/posts"}],"about":[{"href":"http:\/\/www.blog.bettinastadler.de\/wordpress\/wp-json\/wp\/v2\/types\/post"}],"author":[{"embeddable":true,"href":"http:\/\/www.blog.bettinastadler.de\/wordpress\/wp-json\/wp\/v2\/users\/3"}],"replies":[{"embeddable":true,"href":"http:\/\/www.blog.bettinastadler.de\/wordpress\/wp-json\/wp\/v2\/comments?post=3274"}],"version-history":[{"count":5,"href":"http:\/\/www.blog.bettinastadler.de\/wordpress\/wp-json\/wp\/v2\/posts\/3274\/revisions"}],"predecessor-version":[{"id":3276,"href":"http:\/\/www.blog.bettinastadler.de\/wordpress\/wp-json\/wp\/v2\/posts\/3274\/revisions\/3276"}],"wp:attachment":[{"href":"http:\/\/www.blog.bettinastadler.de\/wordpress\/wp-json\/wp\/v2\/media?parent=3274"}],"wp:term":[{"taxonomy":"category","embeddable":true,"href":"http:\/\/www.blog.bettinastadler.de\/wordpress\/wp-json\/wp\/v2\/categories?post=3274"},{"taxonomy":"post_tag","embeddable":true,"href":"http:\/\/www.blog.bettinastadler.de\/wordpress\/wp-json\/wp\/v2\/tags?post=3274"}],"curies":[{"name":"wp","href":"https:\/\/api.w.org\/{rel}","templated":true}]}}