{"id":3562,"date":"2018-08-03T09:30:23","date_gmt":"2018-08-03T07:30:23","guid":{"rendered":"http:\/\/www.blog.bettinastadler.de\/wordpress\/?p=3562"},"modified":"2018-08-16T18:11:01","modified_gmt":"2018-08-16T16:11:01","slug":"gartensummenbrummen","status":"publish","type":"post","link":"http:\/\/www.blog.bettinastadler.de\/wordpress\/2018\/08\/gartensummenbrummen\/","title":{"rendered":"Gartensummenbrummen"},"content":{"rendered":"<p>Ich habe in letzter Zeit flei\u00dfig Bilder gemacht, Gartenarbeiten dokumentiert, am Balkon Blumen geknipst, Wespen auf die Taille und Hummeln auf den Po geguggt. \u00dcber Bienchen gelesen, mich erkundigt wie und wo sie so wohnen. Die K\u00f6nigskerze <!--more-->(was f\u00fcr eine prachtvolle Pflanze!) am Balkon gehegt, gepflegt und beobachtet &#8211; was f\u00fcr ein Magnet f\u00fcr Insekten. Viele (weitere neue) Bl\u00fcten gibt es, viele Tierchens darauf und darum &#8211; und warum ist hier davon nix zu sehen? &#8230; Scusa &#8211; ich habe die Bilder doch tats\u00e4chlich woanders hochgeladen. Aber ich sage Euch nun auch wo \ud83d\ude42<br \/>\nHier: <a href=\"https:\/\/wettbewerb.wir-tun-was-fuer-bienen.de\/author\/bettinastadler\/\" target=\"_blank\" rel=\"noopener\">wettbewerb.wir-tun-was-fuer-bienen.de<\/a><\/p>\n<p>Ich habe den Wettbewerb schon im letzten Jahr im wilden, weiten Netz entdeckt &#8211; jedoch nicht geschafft mitzumachen. Dieses Jahr waren wir nun dabei und haben unser Bestes gegeben, viele Anregungen gibt es dort. Spannende Projekte und Geschichten. Mal sehen, was wir im n\u00e4chsten Jahr machen und bei uns beobachen k\u00f6nnen.<\/p>\n<p>&nbsp;<\/p>\n","protected":false},"excerpt":{"rendered":"<p>Ich habe in letzter Zeit flei\u00dfig Bilder gemacht, Gartenarbeiten dokumentiert, am Balkon Blumen geknipst, Wespen auf die Taille und Hummeln auf den Po geguggt. \u00dcber Bienchen gelesen, mich erkundigt wie und wo sie so wohnen. Die K\u00f6nigskerze<\/p>\n","protected":false},"author":3,"featured_media":3380,"comment_status":"open","ping_status":"open","sticky":false,"template":"","format":"standard","meta":{"footnotes":""},"categories":[22,105,13,41],"tags":[94,314,312,109,328,33,321,37,45],"class_list":["post-3562","post","type-post","status-publish","format-standard","has-post-thumbnail","hentry","category-garten","category-natur","category-online","category-tierisch","tag-fruhling","tag-garten","tag-gedanken","tag-grun","tag-insekten","tag-leichter-als-gedacht","tag-natur","tag-sommer","tag-tiere"],"_links":{"self":[{"href":"http:\/\/www.blog.bettinastadler.de\/wordpress\/wp-json\/wp\/v2\/posts\/3562","targetHints":{"allow":["GET"]}}],"collection":[{"href":"http:\/\/www.blog.bettinastadler.de\/wordpress\/wp-json\/wp\/v2\/posts"}],"about":[{"href":"http:\/\/www.blog.bettinastadler.de\/wordpress\/wp-json\/wp\/v2\/types\/post"}],"author":[{"embeddable":true,"href":"http:\/\/www.blog.bettinastadler.de\/wordpress\/wp-json\/wp\/v2\/users\/3"}],"replies":[{"embeddable":true,"href":"http:\/\/www.blog.bettinastadler.de\/wordpress\/wp-json\/wp\/v2\/comments?post=3562"}],"version-history":[{"count":4,"href":"http:\/\/www.blog.bettinastadler.de\/wordpress\/wp-json\/wp\/v2\/posts\/3562\/revisions"}],"predecessor-version":[{"id":3566,"href":"http:\/\/www.blog.bettinastadler.de\/wordpress\/wp-json\/wp\/v2\/posts\/3562\/revisions\/3566"}],"wp:featuredmedia":[{"embeddable":true,"href":"http:\/\/www.blog.bettinastadler.de\/wordpress\/wp-json\/wp\/v2\/media\/3380"}],"wp:attachment":[{"href":"http:\/\/www.blog.bettinastadler.de\/wordpress\/wp-json\/wp\/v2\/media?parent=3562"}],"wp:term":[{"taxonomy":"category","embeddable":true,"href":"http:\/\/www.blog.bettinastadler.de\/wordpress\/wp-json\/wp\/v2\/categories?post=3562"},{"taxonomy":"post_tag","embeddable":true,"href":"http:\/\/www.blog.bettinastadler.de\/wordpress\/wp-json\/wp\/v2\/tags?post=3562"}],"curies":[{"name":"wp","href":"https:\/\/api.w.org\/{rel}","templated":true}]}}